{"id":16155,"date":"2016-02-01T00:00:00","date_gmt":"2016-02-01T00:00:00","guid":{"rendered":"https:\/\/www.mercator-ocean.eu\/le-lancement-de-sentinel-3a-est-prevu-pour-le-16-fevrier-2016\/"},"modified":"2025-05-26T12:43:16","modified_gmt":"2025-05-26T12:43:16","slug":"le-lancement-de-sentinel-3a-est-prevu-pour-le-16-fevrier-2016","status":"publish","type":"post","link":"https:\/\/www.mercator-ocean.eu\/fr\/non-classifiee-fr\/le-lancement-de-sentinel-3a-est-prevu-pour-le-16-fevrier-2016\/","title":{"rendered":"Le lancement de Sentinel-3A est pr\u00e9vu pour le 16 f\u00e9vrier 2016"},"content":{"rendered":"<div style=\"margin-top: 0px; margin-bottom: 0px;\" class=\"sharethis-inline-share-buttons\" ><\/div><p>La date pr\u00e9c\u00e9dente du 4 f\u00e9vrier a \u00e9t\u00e9 report\u00e9e en raison de la n\u00e9cessit\u00e9 de \u00ab\u00a0recertifier\u00a0\u00bb le pas de tir et de proc\u00e9der \u00e0 un nouvel essai avec le lanceur complet. La nouvelle date suppose que le pas de tir sera \u00ab\u00a0recertifi\u00e9\u00a0\u00bb d&rsquo;ici le 30 janvier. Si la certification est obtenue d&rsquo;ici le 30 janvier, l&rsquo;\u00e9quipe de Sentinel-3A pourra proc\u00e9der au ravitaillement du satellite le 1er f\u00e9vrier. Entre-temps, le satellite a \u00e9t\u00e9 activement contr\u00f4l\u00e9 pour s&rsquo;assurer que toutes les protections \u00e9taient en place et que les f\u00fbts de combustible d&rsquo;hydrazine ne fuyaient pas. Tout s&rsquo;est bien pass\u00e9<a href=\"http:\/\/blogs.esa.int\/eolaunches\/2016\/01\/27\/sentinel-3a-gets-new-launch-date\/\" target=\"_blank\" rel=\"noopener\">. Lire la suite&#8230;<\/a>(Source Agence spatiale europ\u00e9enne)<\/p>\n<p style=\"text-align: center;\"><a href=\"https:\/\/www.mercator-ocean.eu\/wp-content\/uploads\/2016\/02\/Sentinel-3_node_full_image_2.jpg\"><img fetchpriority=\"high\" decoding=\"async\" class=\"size-full wp-image-10199 aligncenter\" src=\"https:\/\/www.mercator-ocean.eu\/wp-content\/uploads\/2016\/02\/Sentinel-3_node_full_image_2.jpg\" alt=\"Sentinelle-3_node_full_image_2\" width=\"700\" height=\"394\"\/><\/a><em>Source <a href=\"http:\/\/www.esa.int\/\" target=\"_blank\" rel=\"noopener\">: http:\/\/www.esa.int\/<\/a><\/em><\/p>\n","protected":false},"excerpt":{"rendered":"<p>La date pr\u00e9c\u00e9dente du 4 f\u00e9vrier a \u00e9t\u00e9 report\u00e9e en raison de la n\u00e9cessit\u00e9 de \u00ab\u00a0recertifier\u00a0\u00bb le pas de tir et de proc\u00e9der \u00e0 un nouvel essai avec le lanceur complet. La nouvelle date suppose que le pas de tir sera \u00ab\u00a0recertifi\u00e9\u00a0\u00bb d&rsquo;ici le 30 janvier. Si la certification est obtenue d&rsquo;ici le 30 janvier, [&hellip;]<\/p>\n","protected":false},"author":2,"featured_media":16274,"comment_status":"open","ping_status":"open","sticky":false,"template":"","format":"standard","meta":{"_acf_changed":false,"footnotes":""},"categories":[427],"tags":[],"translation-status":[2454],"class_list":["post-16155","post","type-post","status-publish","format-standard","has-post-thumbnail","hentry","category-non-classifiee-fr"],"acf":[],"yoast_head":"<!-- This site is optimized with the Yoast SEO plugin v27.4 - https:\/\/yoast.com\/product\/yoast-seo-wordpress\/ -->\n<title>Le lancement de Sentinel-3A est pr\u00e9vu pour le 16 f\u00e9vrier 2016 - Mercator Ocean International<\/title>\n<meta name=\"robots\" content=\"index, follow, max-snippet:-1, max-image-preview:large, max-video-preview:-1\" \/>\n<link rel=\"canonical\" href=\"https:\/\/www.mercator-ocean.eu\/fr\/non-classifiee-fr\/le-lancement-de-sentinel-3a-est-prevu-pour-le-16-fevrier-2016\/\" \/>\n<meta property=\"og:locale\" content=\"fr_FR\" \/>\n<meta property=\"og:type\" content=\"article\" \/>\n<meta property=\"og:title\" content=\"Le lancement de Sentinel-3A est pr\u00e9vu pour le 16 f\u00e9vrier 2016 - Mercator Ocean International\" \/>\n<meta property=\"og:description\" content=\"La date pr\u00e9c\u00e9dente du 4 f\u00e9vrier a \u00e9t\u00e9 report\u00e9e en raison de la n\u00e9cessit\u00e9 de \u00ab\u00a0recertifier\u00a0\u00bb le pas de tir et de proc\u00e9der \u00e0 un nouvel essai avec le lanceur complet. La nouvelle date suppose que le pas de tir sera \u00ab\u00a0recertifi\u00e9\u00a0\u00bb d&rsquo;ici le 30 janvier. Si la certification est obtenue d&rsquo;ici le 30 janvier, [&hellip;]\" \/>\n<meta property=\"og:url\" content=\"https:\/\/www.mercator-ocean.eu\/fr\/non-classifiee-fr\/le-lancement-de-sentinel-3a-est-prevu-pour-le-16-fevrier-2016\/\" \/>\n<meta property=\"og:site_name\" content=\"Mercator Ocean International\" \/>\n<meta property=\"article:publisher\" content=\"https:\/\/www.facebook.com\/MercatorOcean\" \/>\n<meta property=\"article:published_time\" content=\"2016-02-01T00:00:00+00:00\" \/>\n<meta property=\"article:modified_time\" content=\"2025-05-26T12:43:16+00:00\" \/>\n<meta property=\"og:image\" content=\"https:\/\/www.mercator-ocean.eu\/wp-content\/uploads\/2024\/03\/Sentinel-3_node_500px.jpg\" \/>\n\t<meta property=\"og:image:width\" content=\"500\" \/>\n\t<meta property=\"og:image:height\" content=\"500\" \/>\n\t<meta property=\"og:image:type\" content=\"image\/jpeg\" \/>\n<meta name=\"author\" content=\"Damien Goubeau\" \/>\n<meta name=\"twitter:card\" content=\"summary_large_image\" \/>\n<meta name=\"twitter:creator\" content=\"@MercatorOcean\" \/>\n<meta name=\"twitter:site\" content=\"@MercatorOcean\" \/>\n<meta name=\"twitter:label1\" content=\"\u00c9crit par\" \/>\n\t<meta name=\"twitter:data1\" content=\"Damien Goubeau\" \/>\n\t<meta name=\"twitter:label2\" content=\"Dur\u00e9e de lecture estim\u00e9e\" \/>\n\t<meta name=\"twitter:data2\" content=\"1 minute\" \/>\n<script type=\"application\/ld+json\" class=\"yoast-schema-graph\">{\"@context\":\"https:\\\/\\\/schema.org\",\"@graph\":[{\"@type\":\"Article\",\"@id\":\"https:\\\/\\\/www.mercator-ocean.eu\\\/fr\\\/non-classifiee-fr\\\/le-lancement-de-sentinel-3a-est-prevu-pour-le-16-fevrier-2016\\\/#article\",\"isPartOf\":{\"@id\":\"https:\\\/\\\/www.mercator-ocean.eu\\\/fr\\\/non-classifiee-fr\\\/le-lancement-de-sentinel-3a-est-prevu-pour-le-16-fevrier-2016\\\/\"},\"author\":{\"name\":\"Damien Goubeau\",\"@id\":\"https:\\\/\\\/www.mercator-ocean.eu\\\/fr\\\/#\\\/schema\\\/person\\\/8707759d6e2641e91ea76ae3fc537134\"},\"headline\":\"Le lancement de Sentinel-3A est pr\u00e9vu pour le 16 f\u00e9vrier 2016\",\"datePublished\":\"2016-02-01T00:00:00+00:00\",\"dateModified\":\"2025-05-26T12:43:16+00:00\",\"mainEntityOfPage\":{\"@id\":\"https:\\\/\\\/www.mercator-ocean.eu\\\/fr\\\/non-classifiee-fr\\\/le-lancement-de-sentinel-3a-est-prevu-pour-le-16-fevrier-2016\\\/\"},\"wordCount\":135,\"commentCount\":0,\"publisher\":{\"@id\":\"https:\\\/\\\/www.mercator-ocean.eu\\\/fr\\\/#organization\"},\"image\":{\"@id\":\"https:\\\/\\\/www.mercator-ocean.eu\\\/fr\\\/non-classifiee-fr\\\/le-lancement-de-sentinel-3a-est-prevu-pour-le-16-fevrier-2016\\\/#primaryimage\"},\"thumbnailUrl\":\"https:\\\/\\\/www.mercator-ocean.eu\\\/wp-content\\\/uploads\\\/2024\\\/03\\\/Sentinel-3_node_500px.jpg\",\"articleSection\":[\"Non classifi\u00e9(e)\"],\"inLanguage\":\"fr-FR\",\"potentialAction\":[{\"@type\":\"CommentAction\",\"name\":\"Comment\",\"target\":[\"https:\\\/\\\/www.mercator-ocean.eu\\\/fr\\\/non-classifiee-fr\\\/le-lancement-de-sentinel-3a-est-prevu-pour-le-16-fevrier-2016\\\/#respond\"]}]},{\"@type\":\"WebPage\",\"@id\":\"https:\\\/\\\/www.mercator-ocean.eu\\\/fr\\\/non-classifiee-fr\\\/le-lancement-de-sentinel-3a-est-prevu-pour-le-16-fevrier-2016\\\/\",\"url\":\"https:\\\/\\\/www.mercator-ocean.eu\\\/fr\\\/non-classifiee-fr\\\/le-lancement-de-sentinel-3a-est-prevu-pour-le-16-fevrier-2016\\\/\",\"name\":\"Le lancement de Sentinel-3A est pr\u00e9vu pour le 16 f\u00e9vrier 2016 - Mercator Ocean International\",\"isPartOf\":{\"@id\":\"https:\\\/\\\/www.mercator-ocean.eu\\\/fr\\\/#website\"},\"primaryImageOfPage\":{\"@id\":\"https:\\\/\\\/www.mercator-ocean.eu\\\/fr\\\/non-classifiee-fr\\\/le-lancement-de-sentinel-3a-est-prevu-pour-le-16-fevrier-2016\\\/#primaryimage\"},\"image\":{\"@id\":\"https:\\\/\\\/www.mercator-ocean.eu\\\/fr\\\/non-classifiee-fr\\\/le-lancement-de-sentinel-3a-est-prevu-pour-le-16-fevrier-2016\\\/#primaryimage\"},\"thumbnailUrl\":\"https:\\\/\\\/www.mercator-ocean.eu\\\/wp-content\\\/uploads\\\/2024\\\/03\\\/Sentinel-3_node_500px.jpg\",\"datePublished\":\"2016-02-01T00:00:00+00:00\",\"dateModified\":\"2025-05-26T12:43:16+00:00\",\"breadcrumb\":{\"@id\":\"https:\\\/\\\/www.mercator-ocean.eu\\\/fr\\\/non-classifiee-fr\\\/le-lancement-de-sentinel-3a-est-prevu-pour-le-16-fevrier-2016\\\/#breadcrumb\"},\"inLanguage\":\"fr-FR\",\"potentialAction\":[{\"@type\":\"ReadAction\",\"target\":[\"https:\\\/\\\/www.mercator-ocean.eu\\\/fr\\\/non-classifiee-fr\\\/le-lancement-de-sentinel-3a-est-prevu-pour-le-16-fevrier-2016\\\/\"]}]},{\"@type\":\"ImageObject\",\"inLanguage\":\"fr-FR\",\"@id\":\"https:\\\/\\\/www.mercator-ocean.eu\\\/fr\\\/non-classifiee-fr\\\/le-lancement-de-sentinel-3a-est-prevu-pour-le-16-fevrier-2016\\\/#primaryimage\",\"url\":\"https:\\\/\\\/www.mercator-ocean.eu\\\/wp-content\\\/uploads\\\/2024\\\/03\\\/Sentinel-3_node_500px.jpg\",\"contentUrl\":\"https:\\\/\\\/www.mercator-ocean.eu\\\/wp-content\\\/uploads\\\/2024\\\/03\\\/Sentinel-3_node_500px.jpg\",\"width\":500,\"height\":500},{\"@type\":\"BreadcrumbList\",\"@id\":\"https:\\\/\\\/www.mercator-ocean.eu\\\/fr\\\/non-classifiee-fr\\\/le-lancement-de-sentinel-3a-est-prevu-pour-le-16-fevrier-2016\\\/#breadcrumb\",\"itemListElement\":[{\"@type\":\"ListItem\",\"position\":1,\"name\":\"Home\",\"item\":\"https:\\\/\\\/www.mercator-ocean.eu\\\/fr\\\/\"},{\"@type\":\"ListItem\",\"position\":2,\"name\":\"Le lancement de Sentinel-3A est pr\u00e9vu pour le 16 f\u00e9vrier 2016\"}]},{\"@type\":\"WebSite\",\"@id\":\"https:\\\/\\\/www.mercator-ocean.eu\\\/fr\\\/#website\",\"url\":\"https:\\\/\\\/www.mercator-ocean.eu\\\/fr\\\/\",\"name\":\"Mercator Ocean International\",\"description\":\"\",\"publisher\":{\"@id\":\"https:\\\/\\\/www.mercator-ocean.eu\\\/fr\\\/#organization\"},\"potentialAction\":[{\"@type\":\"SearchAction\",\"target\":{\"@type\":\"EntryPoint\",\"urlTemplate\":\"https:\\\/\\\/www.mercator-ocean.eu\\\/fr\\\/?s={search_term_string}\"},\"query-input\":{\"@type\":\"PropertyValueSpecification\",\"valueRequired\":true,\"valueName\":\"search_term_string\"}}],\"inLanguage\":\"fr-FR\"},{\"@type\":\"Organization\",\"@id\":\"https:\\\/\\\/www.mercator-ocean.eu\\\/fr\\\/#organization\",\"name\":\"Mercator Ocean International\",\"url\":\"https:\\\/\\\/www.mercator-ocean.eu\\\/fr\\\/\",\"logo\":{\"@type\":\"ImageObject\",\"inLanguage\":\"fr-FR\",\"@id\":\"https:\\\/\\\/www.mercator-ocean.eu\\\/fr\\\/#\\\/schema\\\/logo\\\/image\\\/\",\"url\":\"https:\\\/\\\/www.mercator-ocean.eu\\\/wp-content\\\/uploads\\\/2024\\\/12\\\/logo-mercator.png\",\"contentUrl\":\"https:\\\/\\\/www.mercator-ocean.eu\\\/wp-content\\\/uploads\\\/2024\\\/12\\\/logo-mercator.png\",\"width\":541,\"height\":547,\"caption\":\"Mercator Ocean International\"},\"image\":{\"@id\":\"https:\\\/\\\/www.mercator-ocean.eu\\\/fr\\\/#\\\/schema\\\/logo\\\/image\\\/\"},\"sameAs\":[\"https:\\\/\\\/www.facebook.com\\\/MercatorOcean\",\"https:\\\/\\\/x.com\\\/MercatorOcean\",\"https:\\\/\\\/www.instagram.com\\\/mercator_ocean\\\/\",\"https:\\\/\\\/www.linkedin.com\\\/company\\\/mercator-ocean\\\/\",\"https:\\\/\\\/www.youtube.com\\\/user\\\/MERCATOROCEAN\"]},{\"@type\":\"Person\",\"@id\":\"https:\\\/\\\/www.mercator-ocean.eu\\\/fr\\\/#\\\/schema\\\/person\\\/8707759d6e2641e91ea76ae3fc537134\",\"name\":\"Damien Goubeau\",\"image\":{\"@type\":\"ImageObject\",\"inLanguage\":\"fr-FR\",\"@id\":\"https:\\\/\\\/secure.gravatar.com\\\/avatar\\\/62d2ec81cbbe6e9a2a721e1d515895cfdffad7498f8f55b118245bbb7dc6b982?s=96&d=mm&r=g\",\"url\":\"https:\\\/\\\/secure.gravatar.com\\\/avatar\\\/62d2ec81cbbe6e9a2a721e1d515895cfdffad7498f8f55b118245bbb7dc6b982?s=96&d=mm&r=g\",\"contentUrl\":\"https:\\\/\\\/secure.gravatar.com\\\/avatar\\\/62d2ec81cbbe6e9a2a721e1d515895cfdffad7498f8f55b118245bbb7dc6b982?s=96&d=mm&r=g\",\"caption\":\"Damien Goubeau\"},\"url\":\"https:\\\/\\\/www.mercator-ocean.eu\\\/fr\\\/author\\\/damien-goubeau\\\/\"}]}<\/script>\n<!-- \/ Yoast SEO plugin. -->","yoast_head_json":{"title":"Le lancement de Sentinel-3A est pr\u00e9vu pour le 16 f\u00e9vrier 2016 - Mercator Ocean International","robots":{"index":"index","follow":"follow","max-snippet":"max-snippet:-1","max-image-preview":"max-image-preview:large","max-video-preview":"max-video-preview:-1"},"canonical":"https:\/\/www.mercator-ocean.eu\/fr\/non-classifiee-fr\/le-lancement-de-sentinel-3a-est-prevu-pour-le-16-fevrier-2016\/","og_locale":"fr_FR","og_type":"article","og_title":"Le lancement de Sentinel-3A est pr\u00e9vu pour le 16 f\u00e9vrier 2016 - Mercator Ocean International","og_description":"La date pr\u00e9c\u00e9dente du 4 f\u00e9vrier a \u00e9t\u00e9 report\u00e9e en raison de la n\u00e9cessit\u00e9 de \u00ab\u00a0recertifier\u00a0\u00bb le pas de tir et de proc\u00e9der \u00e0 un nouvel essai avec le lanceur complet. La nouvelle date suppose que le pas de tir sera \u00ab\u00a0recertifi\u00e9\u00a0\u00bb d&rsquo;ici le 30 janvier. Si la certification est obtenue d&rsquo;ici le 30 janvier, [&hellip;]","og_url":"https:\/\/www.mercator-ocean.eu\/fr\/non-classifiee-fr\/le-lancement-de-sentinel-3a-est-prevu-pour-le-16-fevrier-2016\/","og_site_name":"Mercator Ocean International","article_publisher":"https:\/\/www.facebook.com\/MercatorOcean","article_published_time":"2016-02-01T00:00:00+00:00","article_modified_time":"2025-05-26T12:43:16+00:00","og_image":[{"width":500,"height":500,"url":"https:\/\/www.mercator-ocean.eu\/wp-content\/uploads\/2024\/03\/Sentinel-3_node_500px.jpg","type":"image\/jpeg"}],"author":"Damien Goubeau","twitter_card":"summary_large_image","twitter_creator":"@MercatorOcean","twitter_site":"@MercatorOcean","twitter_misc":{"\u00c9crit par":"Damien Goubeau","Dur\u00e9e de lecture estim\u00e9e":"1 minute"},"schema":{"@context":"https:\/\/schema.org","@graph":[{"@type":"Article","@id":"https:\/\/www.mercator-ocean.eu\/fr\/non-classifiee-fr\/le-lancement-de-sentinel-3a-est-prevu-pour-le-16-fevrier-2016\/#article","isPartOf":{"@id":"https:\/\/www.mercator-ocean.eu\/fr\/non-classifiee-fr\/le-lancement-de-sentinel-3a-est-prevu-pour-le-16-fevrier-2016\/"},"author":{"name":"Damien Goubeau","@id":"https:\/\/www.mercator-ocean.eu\/fr\/#\/schema\/person\/8707759d6e2641e91ea76ae3fc537134"},"headline":"Le lancement de Sentinel-3A est pr\u00e9vu pour le 16 f\u00e9vrier 2016","datePublished":"2016-02-01T00:00:00+00:00","dateModified":"2025-05-26T12:43:16+00:00","mainEntityOfPage":{"@id":"https:\/\/www.mercator-ocean.eu\/fr\/non-classifiee-fr\/le-lancement-de-sentinel-3a-est-prevu-pour-le-16-fevrier-2016\/"},"wordCount":135,"commentCount":0,"publisher":{"@id":"https:\/\/www.mercator-ocean.eu\/fr\/#organization"},"image":{"@id":"https:\/\/www.mercator-ocean.eu\/fr\/non-classifiee-fr\/le-lancement-de-sentinel-3a-est-prevu-pour-le-16-fevrier-2016\/#primaryimage"},"thumbnailUrl":"https:\/\/www.mercator-ocean.eu\/wp-content\/uploads\/2024\/03\/Sentinel-3_node_500px.jpg","articleSection":["Non classifi\u00e9(e)"],"inLanguage":"fr-FR","potentialAction":[{"@type":"CommentAction","name":"Comment","target":["https:\/\/www.mercator-ocean.eu\/fr\/non-classifiee-fr\/le-lancement-de-sentinel-3a-est-prevu-pour-le-16-fevrier-2016\/#respond"]}]},{"@type":"WebPage","@id":"https:\/\/www.mercator-ocean.eu\/fr\/non-classifiee-fr\/le-lancement-de-sentinel-3a-est-prevu-pour-le-16-fevrier-2016\/","url":"https:\/\/www.mercator-ocean.eu\/fr\/non-classifiee-fr\/le-lancement-de-sentinel-3a-est-prevu-pour-le-16-fevrier-2016\/","name":"Le lancement de Sentinel-3A est pr\u00e9vu pour le 16 f\u00e9vrier 2016 - Mercator Ocean International","isPartOf":{"@id":"https:\/\/www.mercator-ocean.eu\/fr\/#website"},"primaryImageOfPage":{"@id":"https:\/\/www.mercator-ocean.eu\/fr\/non-classifiee-fr\/le-lancement-de-sentinel-3a-est-prevu-pour-le-16-fevrier-2016\/#primaryimage"},"image":{"@id":"https:\/\/www.mercator-ocean.eu\/fr\/non-classifiee-fr\/le-lancement-de-sentinel-3a-est-prevu-pour-le-16-fevrier-2016\/#primaryimage"},"thumbnailUrl":"https:\/\/www.mercator-ocean.eu\/wp-content\/uploads\/2024\/03\/Sentinel-3_node_500px.jpg","datePublished":"2016-02-01T00:00:00+00:00","dateModified":"2025-05-26T12:43:16+00:00","breadcrumb":{"@id":"https:\/\/www.mercator-ocean.eu\/fr\/non-classifiee-fr\/le-lancement-de-sentinel-3a-est-prevu-pour-le-16-fevrier-2016\/#breadcrumb"},"inLanguage":"fr-FR","potentialAction":[{"@type":"ReadAction","target":["https:\/\/www.mercator-ocean.eu\/fr\/non-classifiee-fr\/le-lancement-de-sentinel-3a-est-prevu-pour-le-16-fevrier-2016\/"]}]},{"@type":"ImageObject","inLanguage":"fr-FR","@id":"https:\/\/www.mercator-ocean.eu\/fr\/non-classifiee-fr\/le-lancement-de-sentinel-3a-est-prevu-pour-le-16-fevrier-2016\/#primaryimage","url":"https:\/\/www.mercator-ocean.eu\/wp-content\/uploads\/2024\/03\/Sentinel-3_node_500px.jpg","contentUrl":"https:\/\/www.mercator-ocean.eu\/wp-content\/uploads\/2024\/03\/Sentinel-3_node_500px.jpg","width":500,"height":500},{"@type":"BreadcrumbList","@id":"https:\/\/www.mercator-ocean.eu\/fr\/non-classifiee-fr\/le-lancement-de-sentinel-3a-est-prevu-pour-le-16-fevrier-2016\/#breadcrumb","itemListElement":[{"@type":"ListItem","position":1,"name":"Home","item":"https:\/\/www.mercator-ocean.eu\/fr\/"},{"@type":"ListItem","position":2,"name":"Le lancement de Sentinel-3A est pr\u00e9vu pour le 16 f\u00e9vrier 2016"}]},{"@type":"WebSite","@id":"https:\/\/www.mercator-ocean.eu\/fr\/#website","url":"https:\/\/www.mercator-ocean.eu\/fr\/","name":"Mercator Ocean International","description":"","publisher":{"@id":"https:\/\/www.mercator-ocean.eu\/fr\/#organization"},"potentialAction":[{"@type":"SearchAction","target":{"@type":"EntryPoint","urlTemplate":"https:\/\/www.mercator-ocean.eu\/fr\/?s={search_term_string}"},"query-input":{"@type":"PropertyValueSpecification","valueRequired":true,"valueName":"search_term_string"}}],"inLanguage":"fr-FR"},{"@type":"Organization","@id":"https:\/\/www.mercator-ocean.eu\/fr\/#organization","name":"Mercator Ocean International","url":"https:\/\/www.mercator-ocean.eu\/fr\/","logo":{"@type":"ImageObject","inLanguage":"fr-FR","@id":"https:\/\/www.mercator-ocean.eu\/fr\/#\/schema\/logo\/image\/","url":"https:\/\/www.mercator-ocean.eu\/wp-content\/uploads\/2024\/12\/logo-mercator.png","contentUrl":"https:\/\/www.mercator-ocean.eu\/wp-content\/uploads\/2024\/12\/logo-mercator.png","width":541,"height":547,"caption":"Mercator Ocean International"},"image":{"@id":"https:\/\/www.mercator-ocean.eu\/fr\/#\/schema\/logo\/image\/"},"sameAs":["https:\/\/www.facebook.com\/MercatorOcean","https:\/\/x.com\/MercatorOcean","https:\/\/www.instagram.com\/mercator_ocean\/","https:\/\/www.linkedin.com\/company\/mercator-ocean\/","https:\/\/www.youtube.com\/user\/MERCATOROCEAN"]},{"@type":"Person","@id":"https:\/\/www.mercator-ocean.eu\/fr\/#\/schema\/person\/8707759d6e2641e91ea76ae3fc537134","name":"Damien Goubeau","image":{"@type":"ImageObject","inLanguage":"fr-FR","@id":"https:\/\/secure.gravatar.com\/avatar\/62d2ec81cbbe6e9a2a721e1d515895cfdffad7498f8f55b118245bbb7dc6b982?s=96&d=mm&r=g","url":"https:\/\/secure.gravatar.com\/avatar\/62d2ec81cbbe6e9a2a721e1d515895cfdffad7498f8f55b118245bbb7dc6b982?s=96&d=mm&r=g","contentUrl":"https:\/\/secure.gravatar.com\/avatar\/62d2ec81cbbe6e9a2a721e1d515895cfdffad7498f8f55b118245bbb7dc6b982?s=96&d=mm&r=g","caption":"Damien Goubeau"},"url":"https:\/\/www.mercator-ocean.eu\/fr\/author\/damien-goubeau\/"}]}},"_links":{"self":[{"href":"https:\/\/www.mercator-ocean.eu\/fr\/wp-json\/wp\/v2\/posts\/16155","targetHints":{"allow":["GET"]}}],"collection":[{"href":"https:\/\/www.mercator-ocean.eu\/fr\/wp-json\/wp\/v2\/posts"}],"about":[{"href":"https:\/\/www.mercator-ocean.eu\/fr\/wp-json\/wp\/v2\/types\/post"}],"author":[{"embeddable":true,"href":"https:\/\/www.mercator-ocean.eu\/fr\/wp-json\/wp\/v2\/users\/2"}],"replies":[{"embeddable":true,"href":"https:\/\/www.mercator-ocean.eu\/fr\/wp-json\/wp\/v2\/comments?post=16155"}],"version-history":[{"count":1,"href":"https:\/\/www.mercator-ocean.eu\/fr\/wp-json\/wp\/v2\/posts\/16155\/revisions"}],"predecessor-version":[{"id":16275,"href":"https:\/\/www.mercator-ocean.eu\/fr\/wp-json\/wp\/v2\/posts\/16155\/revisions\/16275"}],"wp:featuredmedia":[{"embeddable":true,"href":"https:\/\/www.mercator-ocean.eu\/fr\/wp-json\/wp\/v2\/media\/16274"}],"wp:attachment":[{"href":"https:\/\/www.mercator-ocean.eu\/fr\/wp-json\/wp\/v2\/media?parent=16155"}],"wp:term":[{"taxonomy":"category","embeddable":true,"href":"https:\/\/www.mercator-ocean.eu\/fr\/wp-json\/wp\/v2\/categories?post=16155"},{"taxonomy":"post_tag","embeddable":true,"href":"https:\/\/www.mercator-ocean.eu\/fr\/wp-json\/wp\/v2\/tags?post=16155"},{"taxonomy":"translation-status","embeddable":true,"href":"https:\/\/www.mercator-ocean.eu\/fr\/wp-json\/wp\/v2\/translation-status?post=16155"}],"curies":[{"name":"wp","href":"https:\/\/api.w.org\/{rel}","templated":true}]}}