{"id":16147,"date":"2024-02-09T08:05:26","date_gmt":"2024-02-09T08:05:26","guid":{"rendered":"https:\/\/www.mercator-ocean.eu\/?press-release=le-rechauffement-de-la-terre-saccelere-depuis-soixante-ans-selon-une-nouvelle-etude-menee-par-les-oceanographes-de-mercator-ocean-international"},"modified":"2025-05-26T12:43:14","modified_gmt":"2025-05-26T12:43:14","slug":"le-rechauffement-de-la-terre-saccelere-depuis-soixante-ans-selon-une-nouvelle-etude-menee-par-les-oceanographes-de-mercator-ocean-international","status":"publish","type":"press-release","link":"https:\/\/www.mercator-ocean.eu\/fr\/press-release\/le-rechauffement-de-la-terre-saccelere-depuis-soixante-ans-selon-une-nouvelle-etude-menee-par-les-oceanographes-de-mercator-ocean-international\/","title":{"rendered":"Le r\u00e9chauffement de la Terre s&rsquo;acc\u00e9l\u00e8re depuis soixante ans, selon une nouvelle \u00e9tude men\u00e9e par les oc\u00e9anographes de Mercator Ocean International"},"content":{"rendered":"","protected":false},"featured_media":0,"template":"","translation-status":[2454],"class_list":["post-16147","press-release","type-press-release","status-publish","hentry"],"acf":[],"yoast_head":"<!-- This site is optimized with the Yoast SEO plugin v27.5 - https:\/\/yoast.com\/product\/yoast-seo-wordpress\/ -->\n<title>Le r\u00e9chauffement de la Terre s&#039;acc\u00e9l\u00e8re depuis soixante ans, selon une nouvelle \u00e9tude men\u00e9e par les oc\u00e9anographes de Mercator Ocean International - Mercator Ocean International<\/title>\n<meta name=\"robots\" content=\"index, follow, max-snippet:-1, max-image-preview:large, max-video-preview:-1\" \/>\n<link rel=\"canonical\" href=\"https:\/\/www.mercator-ocean.eu\/fr\/press-release\/le-rechauffement-de-la-terre-saccelere-depuis-soixante-ans-selon-une-nouvelle-etude-menee-par-les-oceanographes-de-mercator-ocean-international\/\" \/>\n<meta property=\"og:locale\" content=\"fr_FR\" \/>\n<meta property=\"og:type\" content=\"article\" \/>\n<meta property=\"og:title\" content=\"Le r\u00e9chauffement de la Terre s&#039;acc\u00e9l\u00e8re depuis soixante ans, selon une nouvelle \u00e9tude men\u00e9e par les oc\u00e9anographes de Mercator Ocean International - Mercator Ocean International\" \/>\n<meta property=\"og:url\" content=\"https:\/\/www.mercator-ocean.eu\/fr\/press-release\/le-rechauffement-de-la-terre-saccelere-depuis-soixante-ans-selon-une-nouvelle-etude-menee-par-les-oceanographes-de-mercator-ocean-international\/\" \/>\n<meta property=\"og:site_name\" content=\"Mercator Ocean International\" \/>\n<meta property=\"article:publisher\" content=\"https:\/\/www.facebook.com\/MercatorOcean\" \/>\n<meta property=\"article:modified_time\" content=\"2025-05-26T12:43:14+00:00\" \/>\n<meta name=\"twitter:card\" content=\"summary_large_image\" \/>\n<meta name=\"twitter:site\" content=\"@MercatorOcean\" \/>\n<script type=\"application\/ld+json\" class=\"yoast-schema-graph\">{\"@context\":\"https:\\\/\\\/schema.org\",\"@graph\":[{\"@type\":\"WebPage\",\"@id\":\"https:\\\/\\\/www.mercator-ocean.eu\\\/fr\\\/press-release\\\/le-rechauffement-de-la-terre-saccelere-depuis-soixante-ans-selon-une-nouvelle-etude-menee-par-les-oceanographes-de-mercator-ocean-international\\\/\",\"url\":\"https:\\\/\\\/www.mercator-ocean.eu\\\/fr\\\/press-release\\\/le-rechauffement-de-la-terre-saccelere-depuis-soixante-ans-selon-une-nouvelle-etude-menee-par-les-oceanographes-de-mercator-ocean-international\\\/\",\"name\":\"Le r\u00e9chauffement de la Terre s'acc\u00e9l\u00e8re depuis soixante ans, selon une nouvelle \u00e9tude men\u00e9e par les oc\u00e9anographes de Mercator Ocean International - Mercator Ocean International\",\"isPartOf\":{\"@id\":\"https:\\\/\\\/www.mercator-ocean.eu\\\/fr\\\/#website\"},\"datePublished\":\"2024-02-09T08:05:26+00:00\",\"dateModified\":\"2025-05-26T12:43:14+00:00\",\"breadcrumb\":{\"@id\":\"https:\\\/\\\/www.mercator-ocean.eu\\\/fr\\\/press-release\\\/le-rechauffement-de-la-terre-saccelere-depuis-soixante-ans-selon-une-nouvelle-etude-menee-par-les-oceanographes-de-mercator-ocean-international\\\/#breadcrumb\"},\"inLanguage\":\"fr-FR\",\"potentialAction\":[{\"@type\":\"ReadAction\",\"target\":[\"https:\\\/\\\/www.mercator-ocean.eu\\\/fr\\\/press-release\\\/le-rechauffement-de-la-terre-saccelere-depuis-soixante-ans-selon-une-nouvelle-etude-menee-par-les-oceanographes-de-mercator-ocean-international\\\/\"]}]},{\"@type\":\"BreadcrumbList\",\"@id\":\"https:\\\/\\\/www.mercator-ocean.eu\\\/fr\\\/press-release\\\/le-rechauffement-de-la-terre-saccelere-depuis-soixante-ans-selon-une-nouvelle-etude-menee-par-les-oceanographes-de-mercator-ocean-international\\\/#breadcrumb\",\"itemListElement\":[{\"@type\":\"ListItem\",\"position\":1,\"name\":\"Home\",\"item\":\"https:\\\/\\\/www.mercator-ocean.eu\\\/fr\\\/\"},{\"@type\":\"ListItem\",\"position\":2,\"name\":\"Le r\u00e9chauffement de la Terre s&#8217;acc\u00e9l\u00e8re depuis soixante ans, selon une nouvelle \u00e9tude men\u00e9e par les oc\u00e9anographes de Mercator Ocean International\"}]},{\"@type\":\"WebSite\",\"@id\":\"https:\\\/\\\/www.mercator-ocean.eu\\\/fr\\\/#website\",\"url\":\"https:\\\/\\\/www.mercator-ocean.eu\\\/fr\\\/\",\"name\":\"Mercator Ocean International\",\"description\":\"\",\"publisher\":{\"@id\":\"https:\\\/\\\/www.mercator-ocean.eu\\\/fr\\\/#organization\"},\"potentialAction\":[{\"@type\":\"SearchAction\",\"target\":{\"@type\":\"EntryPoint\",\"urlTemplate\":\"https:\\\/\\\/www.mercator-ocean.eu\\\/fr\\\/?s={search_term_string}\"},\"query-input\":{\"@type\":\"PropertyValueSpecification\",\"valueRequired\":true,\"valueName\":\"search_term_string\"}}],\"inLanguage\":\"fr-FR\"},{\"@type\":\"Organization\",\"@id\":\"https:\\\/\\\/www.mercator-ocean.eu\\\/fr\\\/#organization\",\"name\":\"Mercator Ocean International\",\"url\":\"https:\\\/\\\/www.mercator-ocean.eu\\\/fr\\\/\",\"logo\":{\"@type\":\"ImageObject\",\"inLanguage\":\"fr-FR\",\"@id\":\"https:\\\/\\\/www.mercator-ocean.eu\\\/fr\\\/#\\\/schema\\\/logo\\\/image\\\/\",\"url\":\"https:\\\/\\\/www.mercator-ocean.eu\\\/wp-content\\\/uploads\\\/2024\\\/12\\\/logo-mercator.png\",\"contentUrl\":\"https:\\\/\\\/www.mercator-ocean.eu\\\/wp-content\\\/uploads\\\/2024\\\/12\\\/logo-mercator.png\",\"width\":541,\"height\":547,\"caption\":\"Mercator Ocean International\"},\"image\":{\"@id\":\"https:\\\/\\\/www.mercator-ocean.eu\\\/fr\\\/#\\\/schema\\\/logo\\\/image\\\/\"},\"sameAs\":[\"https:\\\/\\\/www.facebook.com\\\/MercatorOcean\",\"https:\\\/\\\/x.com\\\/MercatorOcean\",\"https:\\\/\\\/www.instagram.com\\\/mercator_ocean\\\/\",\"https:\\\/\\\/www.linkedin.com\\\/company\\\/mercator-ocean\\\/\",\"https:\\\/\\\/www.youtube.com\\\/user\\\/MERCATOROCEAN\"]}]}<\/script>\n<!-- \/ Yoast SEO plugin. -->","yoast_head_json":{"title":"Le r\u00e9chauffement de la Terre s'acc\u00e9l\u00e8re depuis soixante ans, selon une nouvelle \u00e9tude men\u00e9e par les oc\u00e9anographes de Mercator Ocean International - Mercator Ocean International","robots":{"index":"index","follow":"follow","max-snippet":"max-snippet:-1","max-image-preview":"max-image-preview:large","max-video-preview":"max-video-preview:-1"},"canonical":"https:\/\/www.mercator-ocean.eu\/fr\/press-release\/le-rechauffement-de-la-terre-saccelere-depuis-soixante-ans-selon-une-nouvelle-etude-menee-par-les-oceanographes-de-mercator-ocean-international\/","og_locale":"fr_FR","og_type":"article","og_title":"Le r\u00e9chauffement de la Terre s'acc\u00e9l\u00e8re depuis soixante ans, selon une nouvelle \u00e9tude men\u00e9e par les oc\u00e9anographes de Mercator Ocean International - Mercator Ocean International","og_url":"https:\/\/www.mercator-ocean.eu\/fr\/press-release\/le-rechauffement-de-la-terre-saccelere-depuis-soixante-ans-selon-une-nouvelle-etude-menee-par-les-oceanographes-de-mercator-ocean-international\/","og_site_name":"Mercator Ocean International","article_publisher":"https:\/\/www.facebook.com\/MercatorOcean","article_modified_time":"2025-05-26T12:43:14+00:00","twitter_card":"summary_large_image","twitter_site":"@MercatorOcean","schema":{"@context":"https:\/\/schema.org","@graph":[{"@type":"WebPage","@id":"https:\/\/www.mercator-ocean.eu\/fr\/press-release\/le-rechauffement-de-la-terre-saccelere-depuis-soixante-ans-selon-une-nouvelle-etude-menee-par-les-oceanographes-de-mercator-ocean-international\/","url":"https:\/\/www.mercator-ocean.eu\/fr\/press-release\/le-rechauffement-de-la-terre-saccelere-depuis-soixante-ans-selon-une-nouvelle-etude-menee-par-les-oceanographes-de-mercator-ocean-international\/","name":"Le r\u00e9chauffement de la Terre s'acc\u00e9l\u00e8re depuis soixante ans, selon une nouvelle \u00e9tude men\u00e9e par les oc\u00e9anographes de Mercator Ocean International - Mercator Ocean International","isPartOf":{"@id":"https:\/\/www.mercator-ocean.eu\/fr\/#website"},"datePublished":"2024-02-09T08:05:26+00:00","dateModified":"2025-05-26T12:43:14+00:00","breadcrumb":{"@id":"https:\/\/www.mercator-ocean.eu\/fr\/press-release\/le-rechauffement-de-la-terre-saccelere-depuis-soixante-ans-selon-une-nouvelle-etude-menee-par-les-oceanographes-de-mercator-ocean-international\/#breadcrumb"},"inLanguage":"fr-FR","potentialAction":[{"@type":"ReadAction","target":["https:\/\/www.mercator-ocean.eu\/fr\/press-release\/le-rechauffement-de-la-terre-saccelere-depuis-soixante-ans-selon-une-nouvelle-etude-menee-par-les-oceanographes-de-mercator-ocean-international\/"]}]},{"@type":"BreadcrumbList","@id":"https:\/\/www.mercator-ocean.eu\/fr\/press-release\/le-rechauffement-de-la-terre-saccelere-depuis-soixante-ans-selon-une-nouvelle-etude-menee-par-les-oceanographes-de-mercator-ocean-international\/#breadcrumb","itemListElement":[{"@type":"ListItem","position":1,"name":"Home","item":"https:\/\/www.mercator-ocean.eu\/fr\/"},{"@type":"ListItem","position":2,"name":"Le r\u00e9chauffement de la Terre s&#8217;acc\u00e9l\u00e8re depuis soixante ans, selon une nouvelle \u00e9tude men\u00e9e par les oc\u00e9anographes de Mercator Ocean International"}]},{"@type":"WebSite","@id":"https:\/\/www.mercator-ocean.eu\/fr\/#website","url":"https:\/\/www.mercator-ocean.eu\/fr\/","name":"Mercator Ocean International","description":"","publisher":{"@id":"https:\/\/www.mercator-ocean.eu\/fr\/#organization"},"potentialAction":[{"@type":"SearchAction","target":{"@type":"EntryPoint","urlTemplate":"https:\/\/www.mercator-ocean.eu\/fr\/?s={search_term_string}"},"query-input":{"@type":"PropertyValueSpecification","valueRequired":true,"valueName":"search_term_string"}}],"inLanguage":"fr-FR"},{"@type":"Organization","@id":"https:\/\/www.mercator-ocean.eu\/fr\/#organization","name":"Mercator Ocean International","url":"https:\/\/www.mercator-ocean.eu\/fr\/","logo":{"@type":"ImageObject","inLanguage":"fr-FR","@id":"https:\/\/www.mercator-ocean.eu\/fr\/#\/schema\/logo\/image\/","url":"https:\/\/www.mercator-ocean.eu\/wp-content\/uploads\/2024\/12\/logo-mercator.png","contentUrl":"https:\/\/www.mercator-ocean.eu\/wp-content\/uploads\/2024\/12\/logo-mercator.png","width":541,"height":547,"caption":"Mercator Ocean International"},"image":{"@id":"https:\/\/www.mercator-ocean.eu\/fr\/#\/schema\/logo\/image\/"},"sameAs":["https:\/\/www.facebook.com\/MercatorOcean","https:\/\/x.com\/MercatorOcean","https:\/\/www.instagram.com\/mercator_ocean\/","https:\/\/www.linkedin.com\/company\/mercator-ocean\/","https:\/\/www.youtube.com\/user\/MERCATOROCEAN"]}]}},"_links":{"self":[{"href":"https:\/\/www.mercator-ocean.eu\/fr\/wp-json\/wp\/v2\/press-release\/16147","targetHints":{"allow":["GET"]}}],"collection":[{"href":"https:\/\/www.mercator-ocean.eu\/fr\/wp-json\/wp\/v2\/press-release"}],"about":[{"href":"https:\/\/www.mercator-ocean.eu\/fr\/wp-json\/wp\/v2\/types\/press-release"}],"version-history":[{"count":0,"href":"https:\/\/www.mercator-ocean.eu\/fr\/wp-json\/wp\/v2\/press-release\/16147\/revisions"}],"wp:attachment":[{"href":"https:\/\/www.mercator-ocean.eu\/fr\/wp-json\/wp\/v2\/media?parent=16147"}],"wp:term":[{"taxonomy":"translation-status","embeddable":true,"href":"https:\/\/www.mercator-ocean.eu\/fr\/wp-json\/wp\/v2\/translation-status?post=16147"}],"curies":[{"name":"wp","href":"https:\/\/api.w.org\/{rel}","templated":true}]}}