{"id":16202,"date":"2022-07-07T00:00:00","date_gmt":"2022-07-07T00:00:00","guid":{"rendered":"https:\/\/www.mercator-ocean.eu\/?press-release=transformation-de-mercator-ocean-international-en-une-organisation-intergouvernementale"},"modified":"2025-05-26T12:43:28","modified_gmt":"2025-05-26T12:43:28","slug":"transformation-de-mercator-ocean-international-en-une-organisation-intergouvernementale","status":"publish","type":"press-release","link":"https:\/\/www.mercator-ocean.eu\/fr\/press-release\/transformation-de-mercator-ocean-international-en-une-organisation-intergouvernementale\/","title":{"rendered":"TRANSFORMATION DE MERCATOR OCEAN INTERNATIONAL EN UNE ORGANISATION INTERGOUVERNEMENTALE"},"content":{"rendered":"<p style=\"text-align: center;\"><strong>TRANSFORMATION DE MERCATOR OCEAN INTERNATIONAL EN UNE ORGANISATION INTERGOUVERNEMENTALE<\/strong><\/p>\n<p style=\"text-align: center;\">Le tout premier cycle de discussions avec les d\u00e9l\u00e9gations nationales a d\u00e9but\u00e9 \u00e0 Lisbonne lors de la conf\u00e9rence des Nations unies sur les oc\u00e9ans<\/p>\n<p>Lors du One Ocean Summit organis\u00e9 par la France \u00e0 Brest, du 9 au 11 f\u00e9vrier 2022, six \u00c9tats europ\u00e9ens<strong>(Espagne, France, Italie, Norv\u00e8ge, Portugal et Royaume-Uni<\/strong>) ont manifest\u00e9 leur volont\u00e9 politique de d\u00e9velopper l&rsquo;excellence europ\u00e9enne en mati\u00e8re d&rsquo;oc\u00e9anographie num\u00e9rique en transformant Mercator Ocean International en organisation intergouvernementale (OIG). Quatre mois plus tard, le mercredi 29 juin, lors de la conf\u00e9rence des Nations unies sur les oc\u00e9ans \u00e0 Lisbonne, les six d\u00e9l\u00e9gations nationales se sont mises au travail pour la toute premi\u00e8re r\u00e9union technique du processus de transformation.<a href=\"https:\/\/www.mercator-ocean.eu\/en\/news\/mercator-ocean-organisation-intergouvernementale\/\"><\/a> Ils ont \u00e9t\u00e9 accueillis dans la magnifique ambassade de France \u00e0 Lisbonne par le Charg\u00e9 d&rsquo;affaires a.i. Thomas Bertin, par l&rsquo;ambassadeur fran\u00e7ais Poivre d&rsquo;Arvor et par Mme Sophie-Doroth\u00e9e Duron, chef du service des affaires maritimes et de l&rsquo;am\u00e9nagement du littoral (agissant en tant que \u00ab\u00a0d\u00e9l\u00e9gu\u00e9e fran\u00e7aise\u00a0\u00bb au nom de M. \u00c9ric Banel, directeur g\u00e9n\u00e9ral des affaires maritimes, de la p\u00eache et de l&rsquo;aquaculture).&nbsp; Les d\u00e9l\u00e9gu\u00e9s nationaux \u00e9taient accompagn\u00e9s d&rsquo;experts et d&rsquo;observateurs nationaux, pour la plupart actionnaires de Mercator Ocean International.Dans un esprit chaleureux et collaboratif, les premi\u00e8res discussions des six \u00c9tats fondateurs ont port\u00e9 sur la m\u00e9thodologie et la feuille de route de la transformation. La d\u00e9claration de Brest pr\u00e9voit \u00e9galement que la gouvernance de l&rsquo;organisation soit prochainement ouverte \u00e0 tous les \u00c9tats c\u00f4tiers europ\u00e9ens int\u00e9ress\u00e9s.Le prochain cycle de discussions des d\u00e9l\u00e9gu\u00e9s nationaux se poursuivra \u00e0 Paris en octobre 2022.\u00c0 noter \u00e9galement lors de la Conf\u00e9rence des Nations unies sur les oc\u00e9ans 2022, la Commission oc\u00e9anographique intergouvernementale des Nations unies (COI\/UNESCO) a annonc\u00e9 que Mercator Ocean International accueillera le Centre collaboratif de la d\u00e9cennie des Nations unies pour la pr\u00e9vision oc\u00e9anique (OceanPrediction DCC). Il s&rsquo;agit d&rsquo;un engagement sans pr\u00e9c\u00e9dent, ainsi que pour la future OIG, qui contribuera \u00e0 galvaniser et \u00e0 coordonner les efforts en vue du cod\u00e9veloppement et de l&rsquo;int\u00e9gration des activit\u00e9s de pr\u00e9vision oc\u00e9anique \u00e0 l&rsquo;\u00e9chelle mondiale, au service des objectifs de la D\u00e9cennie des Nations unies pour l&rsquo;oc\u00e9anologie au service du d\u00e9veloppement durable (2021-2030).<a href=\"https:\/\/www.mercator-ocean.eu\/wp-content\/uploads\/2022\/07\/Lisbonne_Ambassade.jpg\"><img fetchpriority=\"high\" decoding=\"async\" class=\"wp-image-27201 alignleft\" src=\"https:\/\/www.mercator-ocean.eu\/wp-content\/uploads\/2022\/07\/Lisbonne_Ambassade.jpg\" alt=\"\" width=\"572\" height=\"381\"\/><\/a><strong>De gauche \u00e0 droite<\/strong>: Peter Haugan, minist\u00e8re des affaires \u00e9trang\u00e8res (Norv\u00e8ge), Nicola Todaro Marescotti, conseiller diplomatique, minist\u00e8re des universit\u00e9s et de la recherche (Italie), Jorge Miguel Alberto de Miranda, pr\u00e9sident de l&rsquo;IPMA (Portugal), Maria Cristina Pedicchio, membre du conseil d&rsquo;administration de l&rsquo;Institut national d&rsquo;oc\u00e9anographie et de g\u00e9ophysique exp\u00e9rimentale (Italie), Frederico Lyra, Foreign, Commonwealth &amp; Development Office, Science &amp; Innovation Network (Royaume-Uni), Paul Riches, minist\u00e8re des affaires, de l&rsquo;\u00e9nergie et de la strat\u00e9gie industrielle (Royaume-Uni), Nuno Louren\u00e7o, Pr\u00e9sident +Atlantic CoLAB (Portugal), Johnny Johannessen, Coordinateur de recherche au Nansen Environmental and Remote Sensing Center (Norv\u00e8ge), Andre Oliveira, Chief Technology Officer +Atlantic CoLAB (Portugal), Pierre Bahurel, Directeur g\u00e9n\u00e9ral (Mercator Ocean International), Nils Gunnar Kvamst\u00f8, CEO de l&rsquo;Institute of Marine Research (Norv\u00e8ge), Sophie-Doroth\u00e9e Duron, Chef du service de l&rsquo;am\u00e9nagement maritime et du littoral &#8211; Direction g\u00e9n\u00e9rale des affaires maritimes et des p\u00eaches (France), Geir Lasse Taranger, directeur de recherche \u00e0 l&rsquo;IMR (Norv\u00e8ge), Anne-France Didier, coordinatrice SDG 14, Direction g\u00e9n\u00e9rale des affaires maritimes et de la p\u00eache (France), Tore Furevik, directeur du Nansen Environmental and Remote Sensing Center (Norv\u00e8ge), C\u00e9cile Thomas-Courcoux, Directrice des affaires internationales ( Mercator Ocean International), Olivier Pringault, Directeur de recherche (IRD), Alain Lagrange, Minist\u00e8re de la Science, de la Recherche et de l&rsquo;Innovation (France), Bego\u00f1a P\u00e9rez G\u00f3mez (Puertos del Estado), Fabrizio D&rsquo;Ortenzio, directeur de recherche (CNRS), Manuel Arana, directeur de la planification et du d\u00e9veloppement Puertos del Estado (Espagne), Emilio Ramos Jara, minist\u00e8re des affaires \u00e9trang\u00e8res, de l&rsquo;Union europ\u00e9enne et de la coop\u00e9ration (Espagne),&nbsp; Laurent Bertino, directeur de recherche au Nansen Environmental and Remote Sensing Center (Norv\u00e8ge), Eivind Lorentzen, conseiller principal en politique oc\u00e9anique, d\u00e9partement de la recherche et de l&rsquo;innovation, minist\u00e8re royal norv\u00e9gien du commerce, de l&rsquo;industrie et de la p\u00eache. <em>Manque sur la photo : Ambassadeur Olivier Poivre d&rsquo;Arvor (France) et Fran\u00e7ois Houllier, pr\u00e9sident-directeur g\u00e9n\u00e9ral (IFREMER).<\/em><\/p>\n","protected":false},"featured_media":7162,"template":"","translation-status":[2454],"class_list":["post-16202","press-release","type-press-release","status-publish","has-post-thumbnail","hentry"],"acf":[],"yoast_head":"<!-- This site is optimized with the Yoast SEO plugin v27.4 - https:\/\/yoast.com\/product\/yoast-seo-wordpress\/ -->\n<title>TRANSFORMATION DE MERCATOR OCEAN INTERNATIONAL EN UNE ORGANISATION INTERGOUVERNEMENTALE - Mercator Ocean International<\/title>\n<meta name=\"robots\" content=\"index, follow, max-snippet:-1, max-image-preview:large, max-video-preview:-1\" \/>\n<link rel=\"canonical\" href=\"https:\/\/www.mercator-ocean.eu\/fr\/press-release\/transformation-de-mercator-ocean-international-en-une-organisation-intergouvernementale\/\" \/>\n<meta property=\"og:locale\" content=\"fr_FR\" \/>\n<meta property=\"og:type\" content=\"article\" \/>\n<meta property=\"og:title\" content=\"TRANSFORMATION DE MERCATOR OCEAN INTERNATIONAL EN UNE ORGANISATION INTERGOUVERNEMENTALE - Mercator Ocean International\" \/>\n<meta property=\"og:description\" content=\"TRANSFORMATION DE MERCATOR OCEAN INTERNATIONAL EN UNE ORGANISATION INTERGOUVERNEMENTALE Le tout premier cycle de discussions avec les d\u00e9l\u00e9gations nationales a d\u00e9but\u00e9 \u00e0 Lisbonne lors de la conf\u00e9rence des Nations unies sur les oc\u00e9ans Lors du One Ocean Summit organis\u00e9 par la France \u00e0 Brest, du 9 au 11 f\u00e9vrier 2022, six \u00c9tats europ\u00e9ens(Espagne, France, Italie, [&hellip;]\" \/>\n<meta property=\"og:url\" content=\"https:\/\/www.mercator-ocean.eu\/fr\/press-release\/transformation-de-mercator-ocean-international-en-une-organisation-intergouvernementale\/\" \/>\n<meta property=\"og:site_name\" content=\"Mercator Ocean International\" \/>\n<meta property=\"article:publisher\" content=\"https:\/\/www.facebook.com\/MercatorOcean\" \/>\n<meta property=\"article:modified_time\" content=\"2025-05-26T12:43:28+00:00\" \/>\n<meta property=\"og:image\" content=\"https:\/\/www.mercator-ocean.eu\/wp-content\/uploads\/2024\/03\/Lisbonne_Ambassade.jpg\" \/>\n\t<meta property=\"og:image:width\" content=\"1007\" \/>\n\t<meta property=\"og:image:height\" content=\"671\" \/>\n\t<meta property=\"og:image:type\" content=\"image\/jpeg\" \/>\n<meta name=\"twitter:card\" content=\"summary_large_image\" \/>\n<meta name=\"twitter:site\" content=\"@MercatorOcean\" \/>\n<meta name=\"twitter:label1\" content=\"Dur\u00e9e de lecture estim\u00e9e\" \/>\n\t<meta name=\"twitter:data1\" content=\"4 minutes\" \/>\n<script type=\"application\/ld+json\" class=\"yoast-schema-graph\">{\"@context\":\"https:\\\/\\\/schema.org\",\"@graph\":[{\"@type\":\"WebPage\",\"@id\":\"https:\\\/\\\/www.mercator-ocean.eu\\\/fr\\\/press-release\\\/transformation-de-mercator-ocean-international-en-une-organisation-intergouvernementale\\\/\",\"url\":\"https:\\\/\\\/www.mercator-ocean.eu\\\/fr\\\/press-release\\\/transformation-de-mercator-ocean-international-en-une-organisation-intergouvernementale\\\/\",\"name\":\"TRANSFORMATION DE MERCATOR OCEAN INTERNATIONAL EN UNE ORGANISATION INTERGOUVERNEMENTALE - Mercator Ocean International\",\"isPartOf\":{\"@id\":\"https:\\\/\\\/www.mercator-ocean.eu\\\/fr\\\/#website\"},\"primaryImageOfPage\":{\"@id\":\"https:\\\/\\\/www.mercator-ocean.eu\\\/fr\\\/press-release\\\/transformation-de-mercator-ocean-international-en-une-organisation-intergouvernementale\\\/#primaryimage\"},\"image\":{\"@id\":\"https:\\\/\\\/www.mercator-ocean.eu\\\/fr\\\/press-release\\\/transformation-de-mercator-ocean-international-en-une-organisation-intergouvernementale\\\/#primaryimage\"},\"thumbnailUrl\":\"https:\\\/\\\/www.mercator-ocean.eu\\\/wp-content\\\/uploads\\\/2024\\\/03\\\/Lisbonne_Ambassade.jpg\",\"datePublished\":\"2022-07-07T00:00:00+00:00\",\"dateModified\":\"2025-05-26T12:43:28+00:00\",\"breadcrumb\":{\"@id\":\"https:\\\/\\\/www.mercator-ocean.eu\\\/fr\\\/press-release\\\/transformation-de-mercator-ocean-international-en-une-organisation-intergouvernementale\\\/#breadcrumb\"},\"inLanguage\":\"fr-FR\",\"potentialAction\":[{\"@type\":\"ReadAction\",\"target\":[\"https:\\\/\\\/www.mercator-ocean.eu\\\/fr\\\/press-release\\\/transformation-de-mercator-ocean-international-en-une-organisation-intergouvernementale\\\/\"]}]},{\"@type\":\"ImageObject\",\"inLanguage\":\"fr-FR\",\"@id\":\"https:\\\/\\\/www.mercator-ocean.eu\\\/fr\\\/press-release\\\/transformation-de-mercator-ocean-international-en-une-organisation-intergouvernementale\\\/#primaryimage\",\"url\":\"https:\\\/\\\/www.mercator-ocean.eu\\\/wp-content\\\/uploads\\\/2024\\\/03\\\/Lisbonne_Ambassade.jpg\",\"contentUrl\":\"https:\\\/\\\/www.mercator-ocean.eu\\\/wp-content\\\/uploads\\\/2024\\\/03\\\/Lisbonne_Ambassade.jpg\",\"width\":1007,\"height\":671},{\"@type\":\"BreadcrumbList\",\"@id\":\"https:\\\/\\\/www.mercator-ocean.eu\\\/fr\\\/press-release\\\/transformation-de-mercator-ocean-international-en-une-organisation-intergouvernementale\\\/#breadcrumb\",\"itemListElement\":[{\"@type\":\"ListItem\",\"position\":1,\"name\":\"Home\",\"item\":\"https:\\\/\\\/www.mercator-ocean.eu\\\/fr\\\/\"},{\"@type\":\"ListItem\",\"position\":2,\"name\":\"TRANSFORMATION DE MERCATOR OCEAN INTERNATIONAL EN UNE ORGANISATION INTERGOUVERNEMENTALE\"}]},{\"@type\":\"WebSite\",\"@id\":\"https:\\\/\\\/www.mercator-ocean.eu\\\/fr\\\/#website\",\"url\":\"https:\\\/\\\/www.mercator-ocean.eu\\\/fr\\\/\",\"name\":\"Mercator Ocean International\",\"description\":\"\",\"publisher\":{\"@id\":\"https:\\\/\\\/www.mercator-ocean.eu\\\/fr\\\/#organization\"},\"potentialAction\":[{\"@type\":\"SearchAction\",\"target\":{\"@type\":\"EntryPoint\",\"urlTemplate\":\"https:\\\/\\\/www.mercator-ocean.eu\\\/fr\\\/?s={search_term_string}\"},\"query-input\":{\"@type\":\"PropertyValueSpecification\",\"valueRequired\":true,\"valueName\":\"search_term_string\"}}],\"inLanguage\":\"fr-FR\"},{\"@type\":\"Organization\",\"@id\":\"https:\\\/\\\/www.mercator-ocean.eu\\\/fr\\\/#organization\",\"name\":\"Mercator Ocean International\",\"url\":\"https:\\\/\\\/www.mercator-ocean.eu\\\/fr\\\/\",\"logo\":{\"@type\":\"ImageObject\",\"inLanguage\":\"fr-FR\",\"@id\":\"https:\\\/\\\/www.mercator-ocean.eu\\\/fr\\\/#\\\/schema\\\/logo\\\/image\\\/\",\"url\":\"https:\\\/\\\/www.mercator-ocean.eu\\\/wp-content\\\/uploads\\\/2024\\\/12\\\/logo-mercator.png\",\"contentUrl\":\"https:\\\/\\\/www.mercator-ocean.eu\\\/wp-content\\\/uploads\\\/2024\\\/12\\\/logo-mercator.png\",\"width\":541,\"height\":547,\"caption\":\"Mercator Ocean International\"},\"image\":{\"@id\":\"https:\\\/\\\/www.mercator-ocean.eu\\\/fr\\\/#\\\/schema\\\/logo\\\/image\\\/\"},\"sameAs\":[\"https:\\\/\\\/www.facebook.com\\\/MercatorOcean\",\"https:\\\/\\\/x.com\\\/MercatorOcean\",\"https:\\\/\\\/www.instagram.com\\\/mercator_ocean\\\/\",\"https:\\\/\\\/www.linkedin.com\\\/company\\\/mercator-ocean\\\/\",\"https:\\\/\\\/www.youtube.com\\\/user\\\/MERCATOROCEAN\"]}]}<\/script>\n<!-- \/ Yoast SEO plugin. -->","yoast_head_json":{"title":"TRANSFORMATION DE MERCATOR OCEAN INTERNATIONAL EN UNE ORGANISATION INTERGOUVERNEMENTALE - Mercator Ocean International","robots":{"index":"index","follow":"follow","max-snippet":"max-snippet:-1","max-image-preview":"max-image-preview:large","max-video-preview":"max-video-preview:-1"},"canonical":"https:\/\/www.mercator-ocean.eu\/fr\/press-release\/transformation-de-mercator-ocean-international-en-une-organisation-intergouvernementale\/","og_locale":"fr_FR","og_type":"article","og_title":"TRANSFORMATION DE MERCATOR OCEAN INTERNATIONAL EN UNE ORGANISATION INTERGOUVERNEMENTALE - Mercator Ocean International","og_description":"TRANSFORMATION DE MERCATOR OCEAN INTERNATIONAL EN UNE ORGANISATION INTERGOUVERNEMENTALE Le tout premier cycle de discussions avec les d\u00e9l\u00e9gations nationales a d\u00e9but\u00e9 \u00e0 Lisbonne lors de la conf\u00e9rence des Nations unies sur les oc\u00e9ans Lors du One Ocean Summit organis\u00e9 par la France \u00e0 Brest, du 9 au 11 f\u00e9vrier 2022, six \u00c9tats europ\u00e9ens(Espagne, France, Italie, [&hellip;]","og_url":"https:\/\/www.mercator-ocean.eu\/fr\/press-release\/transformation-de-mercator-ocean-international-en-une-organisation-intergouvernementale\/","og_site_name":"Mercator Ocean International","article_publisher":"https:\/\/www.facebook.com\/MercatorOcean","article_modified_time":"2025-05-26T12:43:28+00:00","og_image":[{"width":1007,"height":671,"url":"https:\/\/www.mercator-ocean.eu\/wp-content\/uploads\/2024\/03\/Lisbonne_Ambassade.jpg","type":"image\/jpeg"}],"twitter_card":"summary_large_image","twitter_site":"@MercatorOcean","twitter_misc":{"Dur\u00e9e de lecture estim\u00e9e":"4 minutes"},"schema":{"@context":"https:\/\/schema.org","@graph":[{"@type":"WebPage","@id":"https:\/\/www.mercator-ocean.eu\/fr\/press-release\/transformation-de-mercator-ocean-international-en-une-organisation-intergouvernementale\/","url":"https:\/\/www.mercator-ocean.eu\/fr\/press-release\/transformation-de-mercator-ocean-international-en-une-organisation-intergouvernementale\/","name":"TRANSFORMATION DE MERCATOR OCEAN INTERNATIONAL EN UNE ORGANISATION INTERGOUVERNEMENTALE - Mercator Ocean International","isPartOf":{"@id":"https:\/\/www.mercator-ocean.eu\/fr\/#website"},"primaryImageOfPage":{"@id":"https:\/\/www.mercator-ocean.eu\/fr\/press-release\/transformation-de-mercator-ocean-international-en-une-organisation-intergouvernementale\/#primaryimage"},"image":{"@id":"https:\/\/www.mercator-ocean.eu\/fr\/press-release\/transformation-de-mercator-ocean-international-en-une-organisation-intergouvernementale\/#primaryimage"},"thumbnailUrl":"https:\/\/www.mercator-ocean.eu\/wp-content\/uploads\/2024\/03\/Lisbonne_Ambassade.jpg","datePublished":"2022-07-07T00:00:00+00:00","dateModified":"2025-05-26T12:43:28+00:00","breadcrumb":{"@id":"https:\/\/www.mercator-ocean.eu\/fr\/press-release\/transformation-de-mercator-ocean-international-en-une-organisation-intergouvernementale\/#breadcrumb"},"inLanguage":"fr-FR","potentialAction":[{"@type":"ReadAction","target":["https:\/\/www.mercator-ocean.eu\/fr\/press-release\/transformation-de-mercator-ocean-international-en-une-organisation-intergouvernementale\/"]}]},{"@type":"ImageObject","inLanguage":"fr-FR","@id":"https:\/\/www.mercator-ocean.eu\/fr\/press-release\/transformation-de-mercator-ocean-international-en-une-organisation-intergouvernementale\/#primaryimage","url":"https:\/\/www.mercator-ocean.eu\/wp-content\/uploads\/2024\/03\/Lisbonne_Ambassade.jpg","contentUrl":"https:\/\/www.mercator-ocean.eu\/wp-content\/uploads\/2024\/03\/Lisbonne_Ambassade.jpg","width":1007,"height":671},{"@type":"BreadcrumbList","@id":"https:\/\/www.mercator-ocean.eu\/fr\/press-release\/transformation-de-mercator-ocean-international-en-une-organisation-intergouvernementale\/#breadcrumb","itemListElement":[{"@type":"ListItem","position":1,"name":"Home","item":"https:\/\/www.mercator-ocean.eu\/fr\/"},{"@type":"ListItem","position":2,"name":"TRANSFORMATION DE MERCATOR OCEAN INTERNATIONAL EN UNE ORGANISATION INTERGOUVERNEMENTALE"}]},{"@type":"WebSite","@id":"https:\/\/www.mercator-ocean.eu\/fr\/#website","url":"https:\/\/www.mercator-ocean.eu\/fr\/","name":"Mercator Ocean International","description":"","publisher":{"@id":"https:\/\/www.mercator-ocean.eu\/fr\/#organization"},"potentialAction":[{"@type":"SearchAction","target":{"@type":"EntryPoint","urlTemplate":"https:\/\/www.mercator-ocean.eu\/fr\/?s={search_term_string}"},"query-input":{"@type":"PropertyValueSpecification","valueRequired":true,"valueName":"search_term_string"}}],"inLanguage":"fr-FR"},{"@type":"Organization","@id":"https:\/\/www.mercator-ocean.eu\/fr\/#organization","name":"Mercator Ocean International","url":"https:\/\/www.mercator-ocean.eu\/fr\/","logo":{"@type":"ImageObject","inLanguage":"fr-FR","@id":"https:\/\/www.mercator-ocean.eu\/fr\/#\/schema\/logo\/image\/","url":"https:\/\/www.mercator-ocean.eu\/wp-content\/uploads\/2024\/12\/logo-mercator.png","contentUrl":"https:\/\/www.mercator-ocean.eu\/wp-content\/uploads\/2024\/12\/logo-mercator.png","width":541,"height":547,"caption":"Mercator Ocean International"},"image":{"@id":"https:\/\/www.mercator-ocean.eu\/fr\/#\/schema\/logo\/image\/"},"sameAs":["https:\/\/www.facebook.com\/MercatorOcean","https:\/\/x.com\/MercatorOcean","https:\/\/www.instagram.com\/mercator_ocean\/","https:\/\/www.linkedin.com\/company\/mercator-ocean\/","https:\/\/www.youtube.com\/user\/MERCATOROCEAN"]}]}},"_links":{"self":[{"href":"https:\/\/www.mercator-ocean.eu\/fr\/wp-json\/wp\/v2\/press-release\/16202","targetHints":{"allow":["GET"]}}],"collection":[{"href":"https:\/\/www.mercator-ocean.eu\/fr\/wp-json\/wp\/v2\/press-release"}],"about":[{"href":"https:\/\/www.mercator-ocean.eu\/fr\/wp-json\/wp\/v2\/types\/press-release"}],"version-history":[{"count":0,"href":"https:\/\/www.mercator-ocean.eu\/fr\/wp-json\/wp\/v2\/press-release\/16202\/revisions"}],"wp:featuredmedia":[{"embeddable":true,"href":"https:\/\/www.mercator-ocean.eu\/fr\/wp-json\/wp\/v2\/media\/7162"}],"wp:attachment":[{"href":"https:\/\/www.mercator-ocean.eu\/fr\/wp-json\/wp\/v2\/media?parent=16202"}],"wp:term":[{"taxonomy":"translation-status","embeddable":true,"href":"https:\/\/www.mercator-ocean.eu\/fr\/wp-json\/wp\/v2\/translation-status?post=16202"}],"curies":[{"name":"wp","href":"https:\/\/api.w.org\/{rel}","templated":true}]}}